{"id":146756,"date":"2020-04-20T10:27:13","date_gmt":"2020-04-20T14:27:13","guid":{"rendered":"https:\/\/www.balnea.ca\/?p=146756"},"modified":"2020-04-27T11:09:39","modified_gmt":"2020-04-27T15:09:39","slug":"capsule-balnea-routine-visage","status":"publish","type":"post","link":"https:\/\/www.balnea.ca\/en\/capsule-balnea-routine-visage\/","title":{"rendered":"Capsule BALNEA | Routines visage"},"content":{"rendered":"<p>\u00c9clat de beaut\u00e9 imp\u00e9ratif et antidote au vieillissement, la routine beaut\u00e9 visage est recommand\u00e9e matin et soir et contribue \u00e0 normaliser, sublimer et nourrir l\u2019\u00e9piderme, rajeunir le visage et surtout \u00e0 lui rendre toute sa beaut\u00e9. Naturellement, chaque type de peau est diff\u00e9rent et n\u00e9cessite une attention particuli\u00e8re.<\/p>\n<h3><u>Routine matinale\u00a0:<\/u><\/h3>\n\n<ul>\n<li>Appliquer une eau micellaire \u00e0 l\u2019aide de petits cotons biod\u00e9gradables. Ne pas rincer.\n<ul>\n<li>Si vous n\u2019avez pas d\u2019eau micellaire, il est important de s\u2019assurer que votre visage a \u00e9t\u00e9 nettoy\u00e9 la veille.<\/li>\n<\/ul>\n<\/li>\n<li>Appliquer ou vaporiser votre visage avec une eau tonifiante ou une lotion. Ne pas rincer.<\/li>\n<\/ul>\n<p><span style=\"color: #00acd4;\"><strong><u>Pour un soin optimal\u00a0:<\/u><\/strong><\/span><\/p>\n<ul>\n<li>Appliquer votre s\u00e9rum en fonction de votre peau (hydratant, raffermissant, etc.)<\/li>\n<li>Appliquer votre cr\u00e8me contour des yeux (sous forme de cr\u00e8me ou s\u00e9rum)\n<ul>\n<li><strong><span style=\"color: #333333;\">Coup de<\/span> \u2764 <span style=\"color: #333333;\">d&#8217;Isabelle<\/span> :<\/strong> S\u00e9rum Luminous Luzern &#8211; d\u00e9compose les toxines qui pigmentent le sang et qui cr\u00e9ent les cernes fonc\u00e9es aux contours des yeux. R\u00e9duit les cernes et les bouffissures.<\/li>\n<\/ul>\n<\/li>\n<li>Appliquer votre cr\u00e8me de jour quotidienne.<\/li>\n<li>Appliquer votre cr\u00e8me solaire ou cr\u00e8me contre la lumi\u00e8re bleue pour une protection optimale.<\/li>\n<\/ul>\n\n<h3><u>Routine du soir :<\/u><\/h3>\n\n<ul>\n<li>Nettoyer et\/ou d\u00e9maquiller le visage \u00e0 l\u2019aide de votre nettoyant et\/ou d\u00e9maquillant quotidien. Rincez.<\/li>\n<li>Appliquer ou vaporiser votre visage avec une eau tonifiante ou une lotion. Ne pas rincer.<\/li>\n<\/ul>\n<p><span style=\"color: #00acd4;\"><u><strong>C&#8217;est 2 \u00e9tapes sont recommand\u00e9es uniquement 2 fois par semaine:<\/strong><\/u><\/span><\/p>\n<ul>\n<li>\u00c0 l\u2019aide de votre exfoliant enzymatique ou m\u00e9canique, proc\u00e9der \u00e0 l\u2019exfoliation du visage. Rincez.<\/li>\n<li>Appliquer votre masque pr\u00e9f\u00e9r\u00e9 et laisser agir en cons\u00e9quence.<\/li>\n<\/ul>\n\n<p><span style=\"color: #00acd4;\"><strong><u>Pour un soin de soir\u00e9e optimal\u00a0:<\/u><\/strong><\/span><\/p>\n<ul>\n<li>Appliquer votre s\u00e9rum en fonction de votre peau (hydratant, raffermissant, etc.)<\/li>\n<li>Appliquer votre cr\u00e8me contour des yeux (sous forme de cr\u00e8me ou s\u00e9rum)<\/li>\n<li>Appliquer votre cr\u00e8me de soir quotidienne.<\/li>\n<\/ul>\n\n<p><span style=\"color: #333333;\"><strong><u>Fr\u00e9quence\u00a0: <\/u><\/strong><\/span><\/p>\n<ul>\n<li>R\u00e9p\u00e9ter tous les jours, encore et encore ! \ud83d\ude0a<\/li>\n<\/ul>\n<p><img loading=\"lazy\" decoding=\"async\" class=\"alignnone size-full wp-image-146736\" src=\"https:\/\/www.balnea.ca\/wp-content\/uploads\/2020\/03\/90683310_1044319742613744_3821113050405011456_n.png\" alt=\"\" width=\"600\" height=\"200\" \/><\/p>\n\n","protected":false},"excerpt":{"rendered":"<p>\u00c9clat de beaut\u00e9 imp\u00e9ratif et antidote au vieillissement, la routine beaut\u00e9 visage est recommand\u00e9e matin et soir et contribue \u00e0 normaliser, sublimer et nourrir l\u2019\u00e9piderme, rajeunir le visage et surtout \u00e0 lui rendre toute sa beaut\u00e9. Naturellement, chaque type de [&hellip;]<\/p>\n","protected":false},"author":2341,"featured_media":146792,"comment_status":"closed","ping_status":"open","sticky":false,"template":"","format":"standard","meta":{"_acf_changed":false,"footnotes":""},"categories":[1],"tags":[],"class_list":["post-146756","post","type-post","status-publish","format-standard","has-post-thumbnail","hentry","category-non-classe"],"acf":[],"yoast_head":"<!-- This site is optimized with the Yoast SEO plugin v27.3 - https:\/\/yoast.com\/product\/yoast-seo-wordpress\/ -->\n<title>Capsule BALNEA | Routines visage - Balnea<\/title>\n<meta name=\"robots\" content=\"index, follow, max-snippet:-1, max-image-preview:large, max-video-preview:-1\" \/>\n<link rel=\"canonical\" href=\"https:\/\/www.balnea.ca\/en\/capsule-balnea-routine-visage\/\" \/>\n<meta property=\"og:locale\" content=\"en_US\" \/>\n<meta property=\"og:type\" content=\"article\" \/>\n<meta property=\"og:title\" content=\"Capsule BALNEA | Routines visage - Balnea\" \/>\n<meta property=\"og:description\" content=\"\u00c9clat de beaut\u00e9 imp\u00e9ratif et antidote au vieillissement, la routine beaut\u00e9 visage est recommand\u00e9e matin et soir et contribue \u00e0 normaliser, sublimer et nourrir l\u2019\u00e9piderme, rajeunir le visage et surtout \u00e0 lui rendre toute sa beaut\u00e9. Naturellement, chaque type de [&hellip;]\" \/>\n<meta property=\"og:url\" content=\"https:\/\/www.balnea.ca\/en\/capsule-balnea-routine-visage\/\" \/>\n<meta property=\"og:site_name\" content=\"Balnea\" \/>\n<meta property=\"article:published_time\" content=\"2020-04-20T14:27:13+00:00\" \/>\n<meta property=\"article:modified_time\" content=\"2020-04-27T15:09:39+00:00\" \/>\n<meta property=\"og:image\" content=\"https:\/\/www.balnea.ca\/wp-content\/uploads\/2020\/03\/Bal20_Header_1920x1044_Printemps_9.jpg\" \/>\n\t<meta property=\"og:image:width\" content=\"1920\" \/>\n\t<meta property=\"og:image:height\" content=\"1044\" \/>\n\t<meta property=\"og:image:type\" content=\"image\/jpeg\" \/>\n<meta name=\"author\" content=\"Marie-Lou Goyette\" \/>\n<meta name=\"twitter:card\" content=\"summary_large_image\" \/>\n<meta name=\"twitter:label1\" content=\"Written by\" \/>\n\t<meta name=\"twitter:data1\" content=\"Marie-Lou Goyette\" \/>\n\t<meta name=\"twitter:label2\" content=\"Est. reading time\" \/>\n\t<meta name=\"twitter:data2\" content=\"2 minutes\" \/>\n<script type=\"application\/ld+json\" class=\"yoast-schema-graph\">{\"@context\":\"https:\\\/\\\/schema.org\",\"@graph\":[{\"@type\":\"Article\",\"@id\":\"https:\\\/\\\/www.balnea.ca\\\/en\\\/capsule-balnea-routine-visage\\\/#article\",\"isPartOf\":{\"@id\":\"https:\\\/\\\/www.balnea.ca\\\/en\\\/capsule-balnea-routine-visage\\\/\"},\"author\":{\"name\":\"Marie-Lou Goyette\",\"@id\":\"https:\\\/\\\/www.balnea.ca\\\/en\\\/#\\\/schema\\\/person\\\/686ce5d49393477ebce6391bf48c6fb7\"},\"headline\":\"Capsule BALNEA | Routines visage\",\"datePublished\":\"2020-04-20T14:27:13+00:00\",\"dateModified\":\"2020-04-27T15:09:39+00:00\",\"mainEntityOfPage\":{\"@id\":\"https:\\\/\\\/www.balnea.ca\\\/en\\\/capsule-balnea-routine-visage\\\/\"},\"wordCount\":332,\"image\":{\"@id\":\"https:\\\/\\\/www.balnea.ca\\\/en\\\/capsule-balnea-routine-visage\\\/#primaryimage\"},\"thumbnailUrl\":\"https:\\\/\\\/www.balnea.ca\\\/wp-content\\\/uploads\\\/2020\\\/03\\\/Bal20_Header_1920x1044_Printemps_9.jpg\",\"articleSection\":[\"Non class\u00e9\"],\"inLanguage\":\"en-US\"},{\"@type\":\"WebPage\",\"@id\":\"https:\\\/\\\/www.balnea.ca\\\/en\\\/capsule-balnea-routine-visage\\\/\",\"url\":\"https:\\\/\\\/www.balnea.ca\\\/en\\\/capsule-balnea-routine-visage\\\/\",\"name\":\"Capsule BALNEA | Routines visage - Balnea\",\"isPartOf\":{\"@id\":\"https:\\\/\\\/www.balnea.ca\\\/en\\\/#website\"},\"primaryImageOfPage\":{\"@id\":\"https:\\\/\\\/www.balnea.ca\\\/en\\\/capsule-balnea-routine-visage\\\/#primaryimage\"},\"image\":{\"@id\":\"https:\\\/\\\/www.balnea.ca\\\/en\\\/capsule-balnea-routine-visage\\\/#primaryimage\"},\"thumbnailUrl\":\"https:\\\/\\\/www.balnea.ca\\\/wp-content\\\/uploads\\\/2020\\\/03\\\/Bal20_Header_1920x1044_Printemps_9.jpg\",\"datePublished\":\"2020-04-20T14:27:13+00:00\",\"dateModified\":\"2020-04-27T15:09:39+00:00\",\"author\":{\"@id\":\"https:\\\/\\\/www.balnea.ca\\\/en\\\/#\\\/schema\\\/person\\\/686ce5d49393477ebce6391bf48c6fb7\"},\"breadcrumb\":{\"@id\":\"https:\\\/\\\/www.balnea.ca\\\/en\\\/capsule-balnea-routine-visage\\\/#breadcrumb\"},\"inLanguage\":\"en-US\",\"potentialAction\":[{\"@type\":\"ReadAction\",\"target\":[\"https:\\\/\\\/www.balnea.ca\\\/en\\\/capsule-balnea-routine-visage\\\/\"]}]},{\"@type\":\"ImageObject\",\"inLanguage\":\"en-US\",\"@id\":\"https:\\\/\\\/www.balnea.ca\\\/en\\\/capsule-balnea-routine-visage\\\/#primaryimage\",\"url\":\"https:\\\/\\\/www.balnea.ca\\\/wp-content\\\/uploads\\\/2020\\\/03\\\/Bal20_Header_1920x1044_Printemps_9.jpg\",\"contentUrl\":\"https:\\\/\\\/www.balnea.ca\\\/wp-content\\\/uploads\\\/2020\\\/03\\\/Bal20_Header_1920x1044_Printemps_9.jpg\",\"width\":1920,\"height\":1044},{\"@type\":\"BreadcrumbList\",\"@id\":\"https:\\\/\\\/www.balnea.ca\\\/en\\\/capsule-balnea-routine-visage\\\/#breadcrumb\",\"itemListElement\":[{\"@type\":\"ListItem\",\"position\":1,\"name\":\"Home\",\"item\":\"https:\\\/\\\/www.balnea.ca\\\/en\\\/\"},{\"@type\":\"ListItem\",\"position\":2,\"name\":\"Capsule BALNEA | Routines visage\"}]},{\"@type\":\"WebSite\",\"@id\":\"https:\\\/\\\/www.balnea.ca\\\/en\\\/#website\",\"url\":\"https:\\\/\\\/www.balnea.ca\\\/en\\\/\",\"name\":\"Balnea\",\"description\":\"Spa + r\u00e9serve thermale\",\"potentialAction\":[{\"@type\":\"SearchAction\",\"target\":{\"@type\":\"EntryPoint\",\"urlTemplate\":\"https:\\\/\\\/www.balnea.ca\\\/en\\\/?s={search_term_string}\"},\"query-input\":{\"@type\":\"PropertyValueSpecification\",\"valueRequired\":true,\"valueName\":\"search_term_string\"}}],\"inLanguage\":\"en-US\"},{\"@type\":\"Person\",\"@id\":\"https:\\\/\\\/www.balnea.ca\\\/en\\\/#\\\/schema\\\/person\\\/686ce5d49393477ebce6391bf48c6fb7\",\"name\":\"Marie-Lou Goyette\",\"image\":{\"@type\":\"ImageObject\",\"inLanguage\":\"en-US\",\"@id\":\"https:\\\/\\\/secure.gravatar.com\\\/avatar\\\/00dc60e6ead852f9e87e954727fbc14b9f0df8e4feed0c7cc91ad3cad1bb5838?s=96&d=mm&r=g\",\"url\":\"https:\\\/\\\/secure.gravatar.com\\\/avatar\\\/00dc60e6ead852f9e87e954727fbc14b9f0df8e4feed0c7cc91ad3cad1bb5838?s=96&d=mm&r=g\",\"contentUrl\":\"https:\\\/\\\/secure.gravatar.com\\\/avatar\\\/00dc60e6ead852f9e87e954727fbc14b9f0df8e4feed0c7cc91ad3cad1bb5838?s=96&d=mm&r=g\",\"caption\":\"Marie-Lou Goyette\"}}]}<\/script>\n<!-- \/ Yoast SEO plugin. -->","yoast_head_json":{"title":"Capsule BALNEA | Routines visage - Balnea","robots":{"index":"index","follow":"follow","max-snippet":"max-snippet:-1","max-image-preview":"max-image-preview:large","max-video-preview":"max-video-preview:-1"},"canonical":"https:\/\/www.balnea.ca\/en\/capsule-balnea-routine-visage\/","og_locale":"en_US","og_type":"article","og_title":"Capsule BALNEA | Routines visage - Balnea","og_description":"\u00c9clat de beaut\u00e9 imp\u00e9ratif et antidote au vieillissement, la routine beaut\u00e9 visage est recommand\u00e9e matin et soir et contribue \u00e0 normaliser, sublimer et nourrir l\u2019\u00e9piderme, rajeunir le visage et surtout \u00e0 lui rendre toute sa beaut\u00e9. Naturellement, chaque type de [&hellip;]","og_url":"https:\/\/www.balnea.ca\/en\/capsule-balnea-routine-visage\/","og_site_name":"Balnea","article_published_time":"2020-04-20T14:27:13+00:00","article_modified_time":"2020-04-27T15:09:39+00:00","og_image":[{"width":1920,"height":1044,"url":"https:\/\/www.balnea.ca\/wp-content\/uploads\/2020\/03\/Bal20_Header_1920x1044_Printemps_9.jpg","type":"image\/jpeg"}],"author":"Marie-Lou Goyette","twitter_card":"summary_large_image","twitter_misc":{"Written by":"Marie-Lou Goyette","Est. reading time":"2 minutes"},"schema":{"@context":"https:\/\/schema.org","@graph":[{"@type":"Article","@id":"https:\/\/www.balnea.ca\/en\/capsule-balnea-routine-visage\/#article","isPartOf":{"@id":"https:\/\/www.balnea.ca\/en\/capsule-balnea-routine-visage\/"},"author":{"name":"Marie-Lou Goyette","@id":"https:\/\/www.balnea.ca\/en\/#\/schema\/person\/686ce5d49393477ebce6391bf48c6fb7"},"headline":"Capsule BALNEA | Routines visage","datePublished":"2020-04-20T14:27:13+00:00","dateModified":"2020-04-27T15:09:39+00:00","mainEntityOfPage":{"@id":"https:\/\/www.balnea.ca\/en\/capsule-balnea-routine-visage\/"},"wordCount":332,"image":{"@id":"https:\/\/www.balnea.ca\/en\/capsule-balnea-routine-visage\/#primaryimage"},"thumbnailUrl":"https:\/\/www.balnea.ca\/wp-content\/uploads\/2020\/03\/Bal20_Header_1920x1044_Printemps_9.jpg","articleSection":["Non class\u00e9"],"inLanguage":"en-US"},{"@type":"WebPage","@id":"https:\/\/www.balnea.ca\/en\/capsule-balnea-routine-visage\/","url":"https:\/\/www.balnea.ca\/en\/capsule-balnea-routine-visage\/","name":"Capsule BALNEA | Routines visage - Balnea","isPartOf":{"@id":"https:\/\/www.balnea.ca\/en\/#website"},"primaryImageOfPage":{"@id":"https:\/\/www.balnea.ca\/en\/capsule-balnea-routine-visage\/#primaryimage"},"image":{"@id":"https:\/\/www.balnea.ca\/en\/capsule-balnea-routine-visage\/#primaryimage"},"thumbnailUrl":"https:\/\/www.balnea.ca\/wp-content\/uploads\/2020\/03\/Bal20_Header_1920x1044_Printemps_9.jpg","datePublished":"2020-04-20T14:27:13+00:00","dateModified":"2020-04-27T15:09:39+00:00","author":{"@id":"https:\/\/www.balnea.ca\/en\/#\/schema\/person\/686ce5d49393477ebce6391bf48c6fb7"},"breadcrumb":{"@id":"https:\/\/www.balnea.ca\/en\/capsule-balnea-routine-visage\/#breadcrumb"},"inLanguage":"en-US","potentialAction":[{"@type":"ReadAction","target":["https:\/\/www.balnea.ca\/en\/capsule-balnea-routine-visage\/"]}]},{"@type":"ImageObject","inLanguage":"en-US","@id":"https:\/\/www.balnea.ca\/en\/capsule-balnea-routine-visage\/#primaryimage","url":"https:\/\/www.balnea.ca\/wp-content\/uploads\/2020\/03\/Bal20_Header_1920x1044_Printemps_9.jpg","contentUrl":"https:\/\/www.balnea.ca\/wp-content\/uploads\/2020\/03\/Bal20_Header_1920x1044_Printemps_9.jpg","width":1920,"height":1044},{"@type":"BreadcrumbList","@id":"https:\/\/www.balnea.ca\/en\/capsule-balnea-routine-visage\/#breadcrumb","itemListElement":[{"@type":"ListItem","position":1,"name":"Home","item":"https:\/\/www.balnea.ca\/en\/"},{"@type":"ListItem","position":2,"name":"Capsule BALNEA | Routines visage"}]},{"@type":"WebSite","@id":"https:\/\/www.balnea.ca\/en\/#website","url":"https:\/\/www.balnea.ca\/en\/","name":"Balnea","description":"Spa + r\u00e9serve thermale","potentialAction":[{"@type":"SearchAction","target":{"@type":"EntryPoint","urlTemplate":"https:\/\/www.balnea.ca\/en\/?s={search_term_string}"},"query-input":{"@type":"PropertyValueSpecification","valueRequired":true,"valueName":"search_term_string"}}],"inLanguage":"en-US"},{"@type":"Person","@id":"https:\/\/www.balnea.ca\/en\/#\/schema\/person\/686ce5d49393477ebce6391bf48c6fb7","name":"Marie-Lou Goyette","image":{"@type":"ImageObject","inLanguage":"en-US","@id":"https:\/\/secure.gravatar.com\/avatar\/00dc60e6ead852f9e87e954727fbc14b9f0df8e4feed0c7cc91ad3cad1bb5838?s=96&d=mm&r=g","url":"https:\/\/secure.gravatar.com\/avatar\/00dc60e6ead852f9e87e954727fbc14b9f0df8e4feed0c7cc91ad3cad1bb5838?s=96&d=mm&r=g","contentUrl":"https:\/\/secure.gravatar.com\/avatar\/00dc60e6ead852f9e87e954727fbc14b9f0df8e4feed0c7cc91ad3cad1bb5838?s=96&d=mm&r=g","caption":"Marie-Lou Goyette"}}]}},"_links":{"self":[{"href":"https:\/\/www.balnea.ca\/en\/wp-json\/wp\/v2\/posts\/146756","targetHints":{"allow":["GET"]}}],"collection":[{"href":"https:\/\/www.balnea.ca\/en\/wp-json\/wp\/v2\/posts"}],"about":[{"href":"https:\/\/www.balnea.ca\/en\/wp-json\/wp\/v2\/types\/post"}],"author":[{"embeddable":true,"href":"https:\/\/www.balnea.ca\/en\/wp-json\/wp\/v2\/users\/2341"}],"replies":[{"embeddable":true,"href":"https:\/\/www.balnea.ca\/en\/wp-json\/wp\/v2\/comments?post=146756"}],"version-history":[{"count":3,"href":"https:\/\/www.balnea.ca\/en\/wp-json\/wp\/v2\/posts\/146756\/revisions"}],"predecessor-version":[{"id":147380,"href":"https:\/\/www.balnea.ca\/en\/wp-json\/wp\/v2\/posts\/146756\/revisions\/147380"}],"wp:featuredmedia":[{"embeddable":true,"href":"https:\/\/www.balnea.ca\/en\/wp-json\/wp\/v2\/media\/146792"}],"wp:attachment":[{"href":"https:\/\/www.balnea.ca\/en\/wp-json\/wp\/v2\/media?parent=146756"}],"wp:term":[{"taxonomy":"category","embeddable":true,"href":"https:\/\/www.balnea.ca\/en\/wp-json\/wp\/v2\/categories?post=146756"},{"taxonomy":"post_tag","embeddable":true,"href":"https:\/\/www.balnea.ca\/en\/wp-json\/wp\/v2\/tags?post=146756"}],"curies":[{"name":"wp","href":"https:\/\/api.w.org\/{rel}","templated":true}]}}